{"id":588,"date":"2018-11-29T21:28:04","date_gmt":"2018-11-29T19:28:04","guid":{"rendered":"https:\/\/www.fit.fi\/peippo\/?p=588"},"modified":"2019-02-10T17:45:56","modified_gmt":"2019-02-10T15:45:56","slug":"vastuusi-vanhempana","status":"publish","type":"post","link":"https:\/\/www.fit.fi\/peippo\/2018\/11\/29\/vastuusi-vanhempana\/","title":{"rendered":"Vastuusi vanhempana!"},"content":{"rendered":"<h4>Mie jotenkin jaksan joka kerta h\u00e4mm\u00e4sty\u00e4 siit\u00e4, ett\u00e4 vanhemmat eiv\u00e4t ymm\u00e4rr\u00e4 vastuutaan lapsensa hyvinvoinnista, terveydest\u00e4 ja liikkumisesta. Jatkuvasti ollaan etsim\u00e4ss\u00e4 sit\u00e4, ett\u00e4 kenen vastuulla lapsien liikkuminen on ja mik\u00e4li lapsi ei liiku vaikkapa tarpeeksi niin sit\u00e4, ett\u00e4 kenen syy se on. Nyt vanhemmat, valot p\u00e4\u00e4lle.<\/h4>\n<p>Lasten liikkuminen ja terveellinen ruokailu on AINA, AINA vanhempien tai huoltajien vastuulla. AINA. Siis en edes ymm\u00e4rr\u00e4, ett\u00e4 miksi haaskataan aikaa sellaisesta asiasta keskustelemiseen, kun on aivan t\u00e4ysin p\u00e4iv\u00e4nselv\u00e4\u00e4, ett\u00e4 ainoa joka voi olla vastuussa lapsien hyvinvoinnista on he jotka p\u00e4\u00e4tt\u00e4v\u00e4t mit\u00e4 heid\u00e4n nen\u00e4n eteen ruuaksi laitetaan ja mit\u00e4 he tekev\u00e4t mihinkin aikaan. Ei lapsi voi osata p\u00e4\u00e4tt\u00e4\u00e4 eik\u00e4 lapsen edes herran jumala kuulu p\u00e4\u00e4tt\u00e4\u00e4. Nyt valot p\u00e4\u00e4lle.<\/p>\n<p>Mie en k\u00e4sit\u00e4, ett\u00e4 eik\u00f6 ihan oikeasti kaikki ymm\u00e4rr\u00e4 t\u00e4t\u00e4? Eih\u00e4n se nyt voi olla kenenk\u00e4\u00e4n muun vastuulla? Lapsenko? Jos minun poika saisi p\u00e4\u00e4tt\u00e4\u00e4 niin h\u00e4n s\u00f6isi pelk\u00e4st\u00e4\u00e4n j\u00e4\u00e4tel\u00f6\u00e4 ja katsoisi YouTubesta auto-ohjelmia, mutta eih\u00e4n lapsi ymm\u00e4rr\u00e4 mik\u00e4 on h\u00e4nelle parhaaksi, joten silloin ainoa joka siit\u00e4 on vastuussa on se joka lapsesta pit\u00e4\u00e4 huolta.<\/p>\n<p>Ja kyll\u00e4, totta helvetiss\u00e4 se on raivostuttavaa olla ruokakaupassa, kun lapsi huutaa kurkku suorana, ett\u00e4 haluaa karkkia koko kauppareissun ja haukkuu kakkap\u00f6k\u00e4leeksi, kun ei sit\u00e4 saa. Kyll\u00e4 tottakai mie p\u00e4\u00e4sisin helpommalla, kun vain hiljent\u00e4isin lapseni sill\u00e4 karkilla, mutta olenko valmis ottamaan vastuun siit\u00e4, ett\u00e4 lapseni sairastuisi ylipainoon tai johonkin elintapasairauteen siksi, ett\u00e4 halusin vain p\u00e4\u00e4st\u00e4 helpomalla? Ja ei en ole idiootti, ymm\u00e4r\u00e4n, ett\u00e4 karkki silloin t\u00e4ll\u00f6in ei tee yhdest\u00e4k\u00e4\u00e4n lapsesta ylipainoista, mutta jos se toistuu p\u00e4ivitt\u00e4in tai pahimillaan monta kertaa p\u00e4iv\u00e4ss\u00e4 ja muutenkin ruokailutottumukset on p\u00e4in prinkkalaa niin silloin se tekee.<\/p>\n<p>&nbsp;<\/p>\n<figure id=\"attachment_590\" aria-describedby=\"caption-attachment-590\" style=\"width: 819px\" class=\"wp-caption aligncenter\"><img loading=\"lazy\" decoding=\"async\" class=\"wp-image-590 size-large lazy\" src=\"data:image\/gif;base64,R0lGODlhAQABAAAAACH5BAEKAAEALAAAAAABAAEAAAICTAEAOw==\" alt=\"\" width=\"819\" height=\"1024\" data-src=\"https:\/\/www.fit.fi\/peippo\/wp-content\/uploads\/sites\/42\/2018\/11\/peippo-fit-27-819x1024.jpg\" ><noscript><img loading=\"lazy\" decoding=\"async\" class=\"wp-image-590 size-large lazy\" src=\"data:image\/gif;base64,R0lGODlhAQABAAAAACH5BAEKAAEALAAAAAABAAEAAAICTAEAOw==\" alt=\"\" width=\"819\" height=\"1024\" data-src=\"https:\/\/www.fit.fi\/peippo\/wp-content\/uploads\/sites\/42\/2018\/11\/peippo-fit-27-819x1024.jpg\" ><\/noscript><figcaption id=\"caption-attachment-590\" class=\"wp-caption-text\">Kuva: Fit-lehti, Marko Vasara<\/figcaption><\/figure>\n<h4><\/h4>\n<h4>Ota vastuu perheesi hyvinvoinnista!<\/h4>\n<p>On aika lopettaa vastuun siirt\u00e4minen ja ottaa vastuu oman lapsen hyvinvoinnista. Terveelliset ruokailutottumukset opitaan kotona. P\u00e4iv\u00e4kodin ruokailut on vain murto-osa siit\u00e4 mit\u00e4 lapsi viikon aikana sy\u00f6 ja suomalainen p\u00e4iv\u00e4kotiruoka on p\u00e4\u00e4s\u00e4\u00e4nt\u00f6isesti todella terveellist\u00e4, joten sit\u00e4 ei ole syytt\u00e4minen jos oma pikku kullannuppu on ylipainoinen. Kun lapsi oppii kotona hyv\u00e4t ruokailutottumukset ne heijastuu koulupolulle, jolloin lapsi osaa itse kasata itselleen oikenlaisen annoksen. Ja ei suomalainen kouluruoka ei ole paskaa, se on todella hyv\u00e4\u00e4, jos vain osaa kasata itselleen monipuolisen aterian siit\u00e4 mit\u00e4 on tarjolla. Jos lapsi on el\u00e4nyt ennen kouluun menemist\u00e4 paahtoleiv\u00e4ll\u00e4, ranskalaisilla ja suklaalla niin kyll\u00e4h\u00e4n se kouluruoka siihen verrattuna aika kuraa on, mutta yh\u00e4 edelleen vastuu ei ole koululla vaan vanhemmilla.<\/p>\n<p>Ihan niinkuin aikuisillakin vastuu omasta hyvinvoinnistasi ja siit\u00e4 mit\u00e4 sy\u00f6t sek\u00e4 miten liikut on sinulla itsell\u00e4 ja jos sinulla on j\u00e4lkikasvua niin sinulla on vastuu itsest\u00e4si ja lapsistasi. Sit\u00e4 ei vastuuta ei voi kenellekk\u00e4\u00e4n muulle siirt\u00e4\u00e4.<\/p>\n<p>&nbsp;<\/p>\n<figure id=\"attachment_592\" aria-describedby=\"caption-attachment-592\" style=\"width: 1024px\" class=\"wp-caption aligncenter\"><img loading=\"lazy\" decoding=\"async\" class=\"wp-image-592 size-large lazy\" src=\"data:image\/gif;base64,R0lGODlhAQABAAAAACH5BAEKAAEALAAAAAABAAEAAAICTAEAOw==\" alt=\"\" width=\"1024\" height=\"683\" data-src=\"https:\/\/www.fit.fi\/peippo\/wp-content\/uploads\/sites\/42\/2018\/11\/peippo-fit-24-1024x683.jpg\" ><noscript><img loading=\"lazy\" decoding=\"async\" class=\"wp-image-592 size-large lazy\" src=\"data:image\/gif;base64,R0lGODlhAQABAAAAACH5BAEKAAEALAAAAAABAAEAAAICTAEAOw==\" alt=\"\" width=\"1024\" height=\"683\" data-src=\"https:\/\/www.fit.fi\/peippo\/wp-content\/uploads\/sites\/42\/2018\/11\/peippo-fit-24-1024x683.jpg\" ><\/noscript><figcaption id=\"caption-attachment-592\" class=\"wp-caption-text\">Kuva: Fit-lehti, Marko Vasara<\/figcaption><\/figure>\n<h4><\/h4>\n<h4>Kummasta olen valmis ottamaan vastuun?<\/h4>\n<p>Meill\u00e4 vanhemmilla on vastuu tarjota sit\u00e4 ihan tavallista ruokaa, joka auttaa meit\u00e4 vanhempina voimaan hyvin ja jaksamaan, mutta mik\u00e4 t\u00e4rkeint\u00e4 pit\u00e4\u00e4 ne meille kaikista t\u00e4rkeimm\u00e4t ihmiset terveen\u00e4 eli meid\u00e4n lapset. Ei kukaan \u00e4iti tai is\u00e4 haluaa pahaa lapselleen, ei tietenk\u00e4\u00e4n, joten on my\u00f6s ymm\u00e4rrett\u00e4v\u00e4 vastuunsa, jotta n\u00e4in ei tapahdu. Me pakotamme lapsemme pesem\u00e4\u00e4n hampaansa vaikka se on tuskin harvan lapsen lempipuuhaa, koska emme halua, ett\u00e4 heille tulee reiki\u00e4 hampaisiin niin t\u00e4ysin sama asia p\u00e4tee siihen mit\u00e4 ruokaa annamme heille ja miten paljon liikumme heid\u00e4n kanssaan. \u00a0Sill\u00e4, ett\u00e4 opetamme lapsesta asti hyv\u00e4t tottumukset niin ruokailun kuin sitten liikunnan suhteen on ensiarvoisen t\u00e4rke\u00e4\u00e4 ty\u00f6t\u00e4 ennaltaehk\u00e4isem\u00e4\u00e4n lastamme sairastumaan my\u00f6hemmin elintapasairauksiin.<\/p>\n<p>Mie mietin eilen kaupassa, kun kannoin huutavaa, potkivaa ja raivoavaa lasta kaupasta ulos, ett\u00e4 kuuntelen mielummin nyt t\u00e4m\u00e4n ja otan vastuun siit\u00e4, ett\u00e4 h\u00e4n pahoitti mielens\u00e4 siit\u00e4, kun ei saanut piparkakkupaketti kuin sitten sen, ett\u00e4 h\u00e4n kysyy minulta 15-vuotiaana, ett\u00e4 \u00e4iti miksi minulla on diabetes tai, ett\u00e4 miksi min\u00e4 olen isompi kuin muut.<\/p>\n<p>Valtaosa aikuisista ylipainoista ihmisist\u00e4, jotka ovat tulleet valmennukseeni ovat kertoneet, ett\u00e4 heill\u00e4 on aina lapsesta asti sy\u00f6ty n\u00e4in tai, ett\u00e4 ei meill\u00e4 ole koskaan liikuttu. Jotkut ovat jopa todella vihaisia omille vanhemmilleen, ett\u00e4 miksi he tekiv\u00e4t minulle n\u00e4in?<\/p>\n<p>Eih\u00e4n lapsi saa p\u00e4\u00e4tt\u00e4\u00e4 mit\u00e4 sinne j\u00e4\u00e4kaappiin ostetaan ruuaksi, joten jos sin\u00e4 p\u00e4\u00e4t\u00e4t niin p\u00e4\u00e4t\u00e4 hyvin.\u00a0Kaikkeen ei voi vaikuttaa, mutta moneen asiaan voi, joten vaikuta nyt kun pystyt. Se on sinun vastuusi. Kaikkea ei voi ennaltaehk\u00e4ist\u00e4 eik\u00e4 lasta voi suojella kaikelta, mutta ne mihin voit niin tee se.<\/p>\n<p>&nbsp;<\/p>\n","protected":false},"excerpt":{"rendered":"<p>Mie jotenkin jaksan joka kerta h\u00e4mm\u00e4sty\u00e4 siit\u00e4, ett\u00e4 vanhemmat eiv\u00e4t ymm\u00e4rr\u00e4 vastuutaan lapsensa hyvinvoinnista, terveydest\u00e4 ja liikkumisesta. Jatkuvasti ollaan etsim\u00e4ss\u00e4 sit\u00e4, ett\u00e4 kenen vastuulla lapsien liikkuminen on ja mik\u00e4li lapsi ei liiku vaikkapa tarpeeksi niin sit\u00e4, ett\u00e4 kenen syy se on. Nyt vanhemmat, valot p\u00e4\u00e4lle. Lasten liikkuminen ja terveellinen ruokailu on AINA, AINA vanhempien tai<\/p>\n","protected":false},"author":101,"featured_media":590,"comment_status":"closed","ping_status":"closed","sticky":false,"template":"","format":"standard","meta":{"_acf_changed":false,"footnotes":""},"categories":[20],"tags":[193,121,118],"class_list":["post-588","post","type-post","status-publish","format-standard","has-post-thumbnail","hentry","category-hyvinvointi","tag-lasten-hyvinvointi","tag-lasten-liikkumattomuus","tag-lasten-liikunta"],"acf":[],"yoast_head":"<!-- This site is optimized with the Yoast SEO plugin v27.4 - https:\/\/yoast.com\/product\/yoast-seo-wordpress\/ -->\n<title>Vastuusi vanhempana! - Peippo<\/title>\n<meta name=\"robots\" content=\"index, follow, max-snippet:-1, max-image-preview:large, max-video-preview:-1\" \/>\n<link rel=\"canonical\" href=\"https:\/\/www.fit.fi\/peippo\/2018\/11\/29\/vastuusi-vanhempana\/\" \/>\n<meta property=\"og:locale\" content=\"fi_FI\" \/>\n<meta property=\"og:type\" content=\"article\" \/>\n<meta property=\"og:title\" content=\"Vastuusi vanhempana! - Peippo\" \/>\n<meta property=\"og:description\" content=\"Mie jotenkin jaksan joka kerta h\u00e4mm\u00e4sty\u00e4 siit\u00e4, ett\u00e4 vanhemmat eiv\u00e4t ymm\u00e4rr\u00e4 vastuutaan lapsensa hyvinvoinnista, terveydest\u00e4 ja liikkumisesta. Jatkuvasti ollaan etsim\u00e4ss\u00e4 sit\u00e4, ett\u00e4 kenen vastuulla lapsien liikkuminen on ja mik\u00e4li lapsi ei liiku vaikkapa tarpeeksi niin sit\u00e4, ett\u00e4 kenen syy se on. Nyt vanhemmat, valot p\u00e4\u00e4lle. Lasten liikkuminen ja terveellinen ruokailu on AINA, AINA vanhempien tai\" \/>\n<meta property=\"og:url\" content=\"https:\/\/www.fit.fi\/peippo\/2018\/11\/29\/vastuusi-vanhempana\/\" \/>\n<meta property=\"og:site_name\" content=\"Peippo\" \/>\n<meta property=\"article:published_time\" content=\"2018-11-29T19:28:04+00:00\" \/>\n<meta property=\"article:modified_time\" content=\"2019-02-10T15:45:56+00:00\" \/>\n<meta property=\"og:image\" content=\"https:\/\/www.fit.fi\/peippo\/wp-content\/uploads\/sites\/42\/2018\/11\/peippo-fit-27-scaled.jpg\" \/>\n\t<meta property=\"og:image:width\" content=\"3277\" \/>\n\t<meta property=\"og:image:height\" content=\"4096\" \/>\n\t<meta property=\"og:image:type\" content=\"image\/jpeg\" \/>\n<meta name=\"author\" content=\"laurapeippo\" \/>\n<meta name=\"twitter:card\" content=\"summary_large_image\" \/>\n<meta name=\"twitter:label1\" content=\"Kirjoittanut\" \/>\n\t<meta name=\"twitter:data1\" content=\"laurapeippo\" \/>\n\t<meta name=\"twitter:label2\" content=\"Arvioitu lukuaika\" \/>\n\t<meta name=\"twitter:data2\" content=\"4 minuuttia\" \/>\n<script type=\"application\/ld+json\" class=\"yoast-schema-graph\">{\"@context\":\"https:\\\/\\\/schema.org\",\"@graph\":[{\"@type\":\"Article\",\"@id\":\"https:\\\/\\\/www.fit.fi\\\/peippo\\\/2018\\\/11\\\/29\\\/vastuusi-vanhempana\\\/#article\",\"isPartOf\":{\"@id\":\"https:\\\/\\\/www.fit.fi\\\/peippo\\\/2018\\\/11\\\/29\\\/vastuusi-vanhempana\\\/\"},\"author\":{\"name\":\"laurapeippo\",\"@id\":\"https:\\\/\\\/www.fit.fi\\\/peippo\\\/#\\\/schema\\\/person\\\/978879aa23301f978b47a8aa7981e207\"},\"headline\":\"Vastuusi vanhempana!\",\"datePublished\":\"2018-11-29T19:28:04+00:00\",\"dateModified\":\"2019-02-10T15:45:56+00:00\",\"mainEntityOfPage\":{\"@id\":\"https:\\\/\\\/www.fit.fi\\\/peippo\\\/2018\\\/11\\\/29\\\/vastuusi-vanhempana\\\/\"},\"wordCount\":791,\"image\":{\"@id\":\"https:\\\/\\\/www.fit.fi\\\/peippo\\\/2018\\\/11\\\/29\\\/vastuusi-vanhempana\\\/#primaryimage\"},\"thumbnailUrl\":\"https:\\\/\\\/www.fit.fi\\\/peippo\\\/wp-content\\\/uploads\\\/sites\\\/42\\\/2018\\\/11\\\/peippo-fit-27-scaled.jpg\",\"keywords\":[\"Lasten hyvinvointi\",\"Lasten liikkumattomuus\",\"Lasten liikunta\"],\"articleSection\":[\"Hyvinvointi\"],\"inLanguage\":\"fi\"},{\"@type\":\"WebPage\",\"@id\":\"https:\\\/\\\/www.fit.fi\\\/peippo\\\/2018\\\/11\\\/29\\\/vastuusi-vanhempana\\\/\",\"url\":\"https:\\\/\\\/www.fit.fi\\\/peippo\\\/2018\\\/11\\\/29\\\/vastuusi-vanhempana\\\/\",\"name\":\"Vastuusi vanhempana! - Peippo\",\"isPartOf\":{\"@id\":\"https:\\\/\\\/www.fit.fi\\\/peippo\\\/#website\"},\"primaryImageOfPage\":{\"@id\":\"https:\\\/\\\/www.fit.fi\\\/peippo\\\/2018\\\/11\\\/29\\\/vastuusi-vanhempana\\\/#primaryimage\"},\"image\":{\"@id\":\"https:\\\/\\\/www.fit.fi\\\/peippo\\\/2018\\\/11\\\/29\\\/vastuusi-vanhempana\\\/#primaryimage\"},\"thumbnailUrl\":\"https:\\\/\\\/www.fit.fi\\\/peippo\\\/wp-content\\\/uploads\\\/sites\\\/42\\\/2018\\\/11\\\/peippo-fit-27-scaled.jpg\",\"datePublished\":\"2018-11-29T19:28:04+00:00\",\"dateModified\":\"2019-02-10T15:45:56+00:00\",\"author\":{\"@id\":\"https:\\\/\\\/www.fit.fi\\\/peippo\\\/#\\\/schema\\\/person\\\/978879aa23301f978b47a8aa7981e207\"},\"breadcrumb\":{\"@id\":\"https:\\\/\\\/www.fit.fi\\\/peippo\\\/2018\\\/11\\\/29\\\/vastuusi-vanhempana\\\/#breadcrumb\"},\"inLanguage\":\"fi\",\"potentialAction\":[{\"@type\":\"ReadAction\",\"target\":[\"https:\\\/\\\/www.fit.fi\\\/peippo\\\/2018\\\/11\\\/29\\\/vastuusi-vanhempana\\\/\"]}]},{\"@type\":\"ImageObject\",\"inLanguage\":\"fi\",\"@id\":\"https:\\\/\\\/www.fit.fi\\\/peippo\\\/2018\\\/11\\\/29\\\/vastuusi-vanhempana\\\/#primaryimage\",\"url\":\"https:\\\/\\\/www.fit.fi\\\/peippo\\\/wp-content\\\/uploads\\\/sites\\\/42\\\/2018\\\/11\\\/peippo-fit-27-scaled.jpg\",\"contentUrl\":\"https:\\\/\\\/www.fit.fi\\\/peippo\\\/wp-content\\\/uploads\\\/sites\\\/42\\\/2018\\\/11\\\/peippo-fit-27-scaled.jpg\",\"width\":3277,\"height\":4096},{\"@type\":\"BreadcrumbList\",\"@id\":\"https:\\\/\\\/www.fit.fi\\\/peippo\\\/2018\\\/11\\\/29\\\/vastuusi-vanhempana\\\/#breadcrumb\",\"itemListElement\":[{\"@type\":\"ListItem\",\"position\":1,\"name\":\"Home\",\"item\":\"https:\\\/\\\/www.fit.fi\\\/peippo\\\/\"},{\"@type\":\"ListItem\",\"position\":2,\"name\":\"Vastuusi vanhempana!\"}]},{\"@type\":\"WebSite\",\"@id\":\"https:\\\/\\\/www.fit.fi\\\/peippo\\\/#website\",\"url\":\"https:\\\/\\\/www.fit.fi\\\/peippo\\\/\",\"name\":\"Peippo\",\"description\":\"\",\"potentialAction\":[{\"@type\":\"SearchAction\",\"target\":{\"@type\":\"EntryPoint\",\"urlTemplate\":\"https:\\\/\\\/www.fit.fi\\\/peippo\\\/?s={search_term_string}\"},\"query-input\":{\"@type\":\"PropertyValueSpecification\",\"valueRequired\":true,\"valueName\":\"search_term_string\"}}],\"inLanguage\":\"fi\"},{\"@type\":\"Person\",\"@id\":\"https:\\\/\\\/www.fit.fi\\\/peippo\\\/#\\\/schema\\\/person\\\/978879aa23301f978b47a8aa7981e207\",\"name\":\"laurapeippo\",\"url\":\"https:\\\/\\\/www.fit.fi\\\/peippo\\\/author\\\/laurapeippo\\\/\"}]}<\/script>\n<!-- \/ Yoast SEO plugin. -->","yoast_head_json":{"title":"Vastuusi vanhempana! - Peippo","robots":{"index":"index","follow":"follow","max-snippet":"max-snippet:-1","max-image-preview":"max-image-preview:large","max-video-preview":"max-video-preview:-1"},"canonical":"https:\/\/www.fit.fi\/peippo\/2018\/11\/29\/vastuusi-vanhempana\/","og_locale":"fi_FI","og_type":"article","og_title":"Vastuusi vanhempana! - Peippo","og_description":"Mie jotenkin jaksan joka kerta h\u00e4mm\u00e4sty\u00e4 siit\u00e4, ett\u00e4 vanhemmat eiv\u00e4t ymm\u00e4rr\u00e4 vastuutaan lapsensa hyvinvoinnista, terveydest\u00e4 ja liikkumisesta. Jatkuvasti ollaan etsim\u00e4ss\u00e4 sit\u00e4, ett\u00e4 kenen vastuulla lapsien liikkuminen on ja mik\u00e4li lapsi ei liiku vaikkapa tarpeeksi niin sit\u00e4, ett\u00e4 kenen syy se on. Nyt vanhemmat, valot p\u00e4\u00e4lle. Lasten liikkuminen ja terveellinen ruokailu on AINA, AINA vanhempien tai","og_url":"https:\/\/www.fit.fi\/peippo\/2018\/11\/29\/vastuusi-vanhempana\/","og_site_name":"Peippo","article_published_time":"2018-11-29T19:28:04+00:00","article_modified_time":"2019-02-10T15:45:56+00:00","og_image":[{"width":3277,"height":4096,"url":"https:\/\/www.fit.fi\/peippo\/wp-content\/uploads\/sites\/42\/2018\/11\/peippo-fit-27-scaled.jpg","type":"image\/jpeg"}],"author":"laurapeippo","twitter_card":"summary_large_image","twitter_misc":{"Kirjoittanut":"laurapeippo","Arvioitu lukuaika":"4 minuuttia"},"schema":{"@context":"https:\/\/schema.org","@graph":[{"@type":"Article","@id":"https:\/\/www.fit.fi\/peippo\/2018\/11\/29\/vastuusi-vanhempana\/#article","isPartOf":{"@id":"https:\/\/www.fit.fi\/peippo\/2018\/11\/29\/vastuusi-vanhempana\/"},"author":{"name":"laurapeippo","@id":"https:\/\/www.fit.fi\/peippo\/#\/schema\/person\/978879aa23301f978b47a8aa7981e207"},"headline":"Vastuusi vanhempana!","datePublished":"2018-11-29T19:28:04+00:00","dateModified":"2019-02-10T15:45:56+00:00","mainEntityOfPage":{"@id":"https:\/\/www.fit.fi\/peippo\/2018\/11\/29\/vastuusi-vanhempana\/"},"wordCount":791,"image":{"@id":"https:\/\/www.fit.fi\/peippo\/2018\/11\/29\/vastuusi-vanhempana\/#primaryimage"},"thumbnailUrl":"https:\/\/www.fit.fi\/peippo\/wp-content\/uploads\/sites\/42\/2018\/11\/peippo-fit-27-scaled.jpg","keywords":["Lasten hyvinvointi","Lasten liikkumattomuus","Lasten liikunta"],"articleSection":["Hyvinvointi"],"inLanguage":"fi"},{"@type":"WebPage","@id":"https:\/\/www.fit.fi\/peippo\/2018\/11\/29\/vastuusi-vanhempana\/","url":"https:\/\/www.fit.fi\/peippo\/2018\/11\/29\/vastuusi-vanhempana\/","name":"Vastuusi vanhempana! - Peippo","isPartOf":{"@id":"https:\/\/www.fit.fi\/peippo\/#website"},"primaryImageOfPage":{"@id":"https:\/\/www.fit.fi\/peippo\/2018\/11\/29\/vastuusi-vanhempana\/#primaryimage"},"image":{"@id":"https:\/\/www.fit.fi\/peippo\/2018\/11\/29\/vastuusi-vanhempana\/#primaryimage"},"thumbnailUrl":"https:\/\/www.fit.fi\/peippo\/wp-content\/uploads\/sites\/42\/2018\/11\/peippo-fit-27-scaled.jpg","datePublished":"2018-11-29T19:28:04+00:00","dateModified":"2019-02-10T15:45:56+00:00","author":{"@id":"https:\/\/www.fit.fi\/peippo\/#\/schema\/person\/978879aa23301f978b47a8aa7981e207"},"breadcrumb":{"@id":"https:\/\/www.fit.fi\/peippo\/2018\/11\/29\/vastuusi-vanhempana\/#breadcrumb"},"inLanguage":"fi","potentialAction":[{"@type":"ReadAction","target":["https:\/\/www.fit.fi\/peippo\/2018\/11\/29\/vastuusi-vanhempana\/"]}]},{"@type":"ImageObject","inLanguage":"fi","@id":"https:\/\/www.fit.fi\/peippo\/2018\/11\/29\/vastuusi-vanhempana\/#primaryimage","url":"https:\/\/www.fit.fi\/peippo\/wp-content\/uploads\/sites\/42\/2018\/11\/peippo-fit-27-scaled.jpg","contentUrl":"https:\/\/www.fit.fi\/peippo\/wp-content\/uploads\/sites\/42\/2018\/11\/peippo-fit-27-scaled.jpg","width":3277,"height":4096},{"@type":"BreadcrumbList","@id":"https:\/\/www.fit.fi\/peippo\/2018\/11\/29\/vastuusi-vanhempana\/#breadcrumb","itemListElement":[{"@type":"ListItem","position":1,"name":"Home","item":"https:\/\/www.fit.fi\/peippo\/"},{"@type":"ListItem","position":2,"name":"Vastuusi vanhempana!"}]},{"@type":"WebSite","@id":"https:\/\/www.fit.fi\/peippo\/#website","url":"https:\/\/www.fit.fi\/peippo\/","name":"Peippo","description":"","potentialAction":[{"@type":"SearchAction","target":{"@type":"EntryPoint","urlTemplate":"https:\/\/www.fit.fi\/peippo\/?s={search_term_string}"},"query-input":{"@type":"PropertyValueSpecification","valueRequired":true,"valueName":"search_term_string"}}],"inLanguage":"fi"},{"@type":"Person","@id":"https:\/\/www.fit.fi\/peippo\/#\/schema\/person\/978879aa23301f978b47a8aa7981e207","name":"laurapeippo","url":"https:\/\/www.fit.fi\/peippo\/author\/laurapeippo\/"}]}},"_links":{"self":[{"href":"https:\/\/www.fit.fi\/peippo\/wp-json\/wp\/v2\/posts\/588","targetHints":{"allow":["GET"]}}],"collection":[{"href":"https:\/\/www.fit.fi\/peippo\/wp-json\/wp\/v2\/posts"}],"about":[{"href":"https:\/\/www.fit.fi\/peippo\/wp-json\/wp\/v2\/types\/post"}],"author":[{"embeddable":true,"href":"https:\/\/www.fit.fi\/peippo\/wp-json\/wp\/v2\/users\/101"}],"replies":[{"embeddable":true,"href":"https:\/\/www.fit.fi\/peippo\/wp-json\/wp\/v2\/comments?post=588"}],"version-history":[{"count":3,"href":"https:\/\/www.fit.fi\/peippo\/wp-json\/wp\/v2\/posts\/588\/revisions"}],"predecessor-version":[{"id":907,"href":"https:\/\/www.fit.fi\/peippo\/wp-json\/wp\/v2\/posts\/588\/revisions\/907"}],"wp:featuredmedia":[{"embeddable":true,"href":"https:\/\/www.fit.fi\/peippo\/wp-json\/wp\/v2\/media\/590"}],"wp:attachment":[{"href":"https:\/\/www.fit.fi\/peippo\/wp-json\/wp\/v2\/media?parent=588"}],"wp:term":[{"taxonomy":"category","embeddable":true,"href":"https:\/\/www.fit.fi\/peippo\/wp-json\/wp\/v2\/categories?post=588"},{"taxonomy":"post_tag","embeddable":true,"href":"https:\/\/www.fit.fi\/peippo\/wp-json\/wp\/v2\/tags?post=588"}],"curies":[{"name":"wp","href":"https:\/\/api.w.org\/{rel}","templated":true}]}}